{"id":76,"date":"2009-05-15T23:59:14","date_gmt":"2009-05-15T21:59:14","guid":{"rendered":"http:\/\/www.icblc.be\/wp\/?p=75"},"modified":"2009-05-15T23:59:14","modified_gmt":"2009-05-15T21:59:14","slug":"tribune-politique-05-2009","status":"publish","type":"post","link":"http:\/\/www.icblc.be\/wp\/archives\/76","title":{"rendered":"Tribune politique &#8211; 05-2009"},"content":{"rendered":"<p><strong>Verreries de Fauquez : Braine vend ses bijoux de famille<\/strong><\/p>\n<p>Le site industriel d\u00e9saffect\u00e9 des verreries de Fauquez a \u00e9t\u00e9 r\u00e9habilit\u00e9 gr\u00e2ce aux Fonds Europ\u00e9ens.\u00a0 Braine-le-Comte dispose donc d\u2019un terrain industriel de 4 ha bien plac\u00e9, avec voiries, \u00e0 proximit\u00e9 du canal Charleroi-Bruxelles et des autoroutes.<\/p>\n<p>Pendant nos 6 derni\u00e8res ann\u00e9es de majorit\u00e9, nous nous sommes toujours oppos\u00e9s \u00e0 la vente de ces terrains, qui peuvent \u00eatre exploit\u00e9s en R\u00e9gie Autonome par notre ville, et ainsi favoriser l&rsquo;installation d&rsquo;activit\u00e9s g\u00e9n\u00e9ratrices d&#8217;emplois et de revenus pour notre cit\u00e9.\u00a0 Nous \u00e9tions rejoints sur cette position par l&rsquo;opposition de l&rsquo;\u00e9poque !<\/p>\n<p>L\u2019 ancienne opposition est actuellement au pouvoir \u00e0 Braine-le-Comte, quelle surprise donc de voir \u00e0 l&rsquo;ordre du jour du Conseil Communal du mois de mai la vente de ces terrains \u00e9quip\u00e9s, pour un prix assez bas.<\/p>\n<p>Pourquoi la ville, qui n&rsquo;est pas en manque de rentr\u00e9es financi\u00e8res, se s\u00e9pare-t-elle de son patrimoine ?\u00a0 De quoi va-t-on encore se s\u00e9parer ?<\/p>\n<p>Braine-le-Comte a la capacit\u00e9 de g\u00e9rer correctement son patrimoine, et de le mettre en valeur.\u00a0 N&rsquo;appauvrissons pas notre ville en liquidant l&rsquo;h\u00e9ritage des prochaines g\u00e9n\u00e9rations, comme notre Ministre F\u00e9d\u00e9ral des finances actuel qui n&rsquo;h\u00e9site jamais \u00e0 vendre des parts de notre patrimoine national pour \u00e9quilibrer son budget !<\/p>\n<p>Vendre serait donc pour nous la derni\u00e8re solution ? Notre situation financi\u00e8re est autre\u2026nous sommes d&rsquo;avis de confier \u00e0 une R\u00e9gie Autonome locale le soin de g\u00e9rer et exploiter les sources de revenus que constituent ces terrains r\u00e9am\u00e9nag\u00e9s.<\/p>\n","protected":false},"excerpt":{"rendered":"<p>Verreries de Fauquez : Braine vend ses bijoux de famille Le site industriel d\u00e9saffect\u00e9 des verreries de Fauquez a \u00e9t\u00e9 r\u00e9habilit\u00e9 gr\u00e2ce aux Fonds Europ\u00e9ens.\u00a0 Braine-le-Comte dispose donc d\u2019un terrain industriel de 4 ha bien plac\u00e9, avec voiries, \u00e0 proximit\u00e9 &hellip; <a href=\"http:\/\/www.icblc.be\/wp\/archives\/76\">Continuer la lecture <span class=\"meta-nav\">&rarr;<\/span><\/a><\/p>\n","protected":false},"author":2,"featured_media":0,"comment_status":"closed","ping_status":"closed","sticky":false,"template":"","format":"standard","meta":{"footnotes":""},"categories":[6,13],"tags":[],"class_list":["post-76","post","type-post","status-publish","format-standard","hentry","category-braine-notre-ville","category-finances"],"_links":{"self":[{"href":"http:\/\/www.icblc.be\/wp\/wp-json\/wp\/v2\/posts\/76","targetHints":{"allow":["GET"]}}],"collection":[{"href":"http:\/\/www.icblc.be\/wp\/wp-json\/wp\/v2\/posts"}],"about":[{"href":"http:\/\/www.icblc.be\/wp\/wp-json\/wp\/v2\/types\/post"}],"author":[{"embeddable":true,"href":"http:\/\/www.icblc.be\/wp\/wp-json\/wp\/v2\/users\/2"}],"replies":[{"embeddable":true,"href":"http:\/\/www.icblc.be\/wp\/wp-json\/wp\/v2\/comments?post=76"}],"version-history":[{"count":0,"href":"http:\/\/www.icblc.be\/wp\/wp-json\/wp\/v2\/posts\/76\/revisions"}],"wp:attachment":[{"href":"http:\/\/www.icblc.be\/wp\/wp-json\/wp\/v2\/media?parent=76"}],"wp:term":[{"taxonomy":"category","embeddable":true,"href":"http:\/\/www.icblc.be\/wp\/wp-json\/wp\/v2\/categories?post=76"},{"taxonomy":"post_tag","embeddable":true,"href":"http:\/\/www.icblc.be\/wp\/wp-json\/wp\/v2\/tags?post=76"}],"curies":[{"name":"wp","href":"https:\/\/api.w.org\/{rel}","templated":true}]}}